{"@context":"https:\/\/schema.org\/","@type":"CollectionPage","@id":"https:\/\/www.si-sawa.cz\/zeny\/#CollectionPage","headline":"\u017deny Category","description":"","url":"https:\/\/www.si-sawa.cz\/zeny\/","hasPart":[{"@type":"Article","@id":"https:\/\/www.si-sawa.cz\/nepropadat-osamelosti\/","headline":"Nepropadat osam\u011blosti","url":"https:\/\/www.si-sawa.cz\/nepropadat-osamelosti\/","datePublished":"2025-03-03","dateModified":"2023-04-27","mainEntityOfPage":"https:\/\/www.si-sawa.cz\/nepropadat-osamelosti\/","author":{"@type":"Person","@id":"https:\/\/www.si-sawa.cz\/author\/#Person","name":"si-sawa.cz\n","url":"https:\/\/www.si-sawa.cz\/author\/","identifier":1,"image":{"@type":"ImageObject","@id":"https:\/\/secure.gravatar.com\/avatar\/da76ffe9456a057fb26f92cd8eb3d2effca853864e9ae2a35290bd1e10b1f7d4?s=96&d=mm&r=g","url":"https:\/\/secure.gravatar.com\/avatar\/da76ffe9456a057fb26f92cd8eb3d2effca853864e9ae2a35290bd1e10b1f7d4?s=96&d=mm&r=g","height":96,"width":96}},"publisher":{"@type":"Organization","name":"si-sawa.cz","logo":{"@type":"ImageObject","@id":"\/logo.png","url":"\/logo.png","width":600,"height":60}},"image":{"@type":"ImageObject","@id":"https:\/\/www.si-sawa.cz\/wp-content\/uploads\/img_a309838_w1739_t1520848819.jpg","url":"https:\/\/www.si-sawa.cz\/wp-content\/uploads\/img_a309838_w1739_t1520848819.jpg","height":0,"width":0},"keywords":null},{"@type":"Article","@id":"https:\/\/www.si-sawa.cz\/darek-pro-zeny-na-valentyn\/","headline":"D\u00e1rek pro \u017deny na Valent\u00fdn","url":"https:\/\/www.si-sawa.cz\/darek-pro-zeny-na-valentyn\/","datePublished":"2025-03-02","dateModified":"2023-04-27","mainEntityOfPage":"https:\/\/www.si-sawa.cz\/darek-pro-zeny-na-valentyn\/","author":{"@type":"Person","@id":"https:\/\/www.si-sawa.cz\/author\/#Person","name":"si-sawa.cz\n","url":"https:\/\/www.si-sawa.cz\/author\/","identifier":1,"image":{"@type":"ImageObject","@id":"https:\/\/secure.gravatar.com\/avatar\/da76ffe9456a057fb26f92cd8eb3d2effca853864e9ae2a35290bd1e10b1f7d4?s=96&d=mm&r=g","url":"https:\/\/secure.gravatar.com\/avatar\/da76ffe9456a057fb26f92cd8eb3d2effca853864e9ae2a35290bd1e10b1f7d4?s=96&d=mm&r=g","height":96,"width":96}},"publisher":{"@type":"Organization","name":"si-sawa.cz","logo":{"@type":"ImageObject","@id":"\/logo.png","url":"\/logo.png","width":600,"height":60}},"image":{"@type":"ImageObject","@id":"https:\/\/www.si-sawa.cz\/wp-content\/uploads\/img_a334442_w1739_t1548087667.jpg","url":"https:\/\/www.si-sawa.cz\/wp-content\/uploads\/img_a334442_w1739_t1548087667.jpg","height":0,"width":0},"keywords":null},{"@type":"Article","@id":"https:\/\/www.si-sawa.cz\/jak-na-mimicke-vrasky\/","headline":"Jak na mimick\u00e9 vr\u00e1sky","url":"https:\/\/www.si-sawa.cz\/jak-na-mimicke-vrasky\/","datePublished":"2023-04-27","dateModified":"2023-04-27","mainEntityOfPage":"https:\/\/www.si-sawa.cz\/jak-na-mimicke-vrasky\/","author":{"@type":"Person","@id":"https:\/\/www.si-sawa.cz\/author\/#Person","name":"si-sawa.cz\n","url":"https:\/\/www.si-sawa.cz\/author\/","identifier":1,"image":{"@type":"ImageObject","@id":"https:\/\/secure.gravatar.com\/avatar\/da76ffe9456a057fb26f92cd8eb3d2effca853864e9ae2a35290bd1e10b1f7d4?s=96&d=mm&r=g","url":"https:\/\/secure.gravatar.com\/avatar\/da76ffe9456a057fb26f92cd8eb3d2effca853864e9ae2a35290bd1e10b1f7d4?s=96&d=mm&r=g","height":96,"width":96}},"publisher":{"@type":"Organization","name":"si-sawa.cz","logo":{"@type":"ImageObject","@id":"\/logo.png","url":"\/logo.png","width":600,"height":60}},"image":null,"keywords":null},{"@type":"Article","@id":"https:\/\/www.si-sawa.cz\/zena-ve-vysoke-polistice\/","headline":"\u017dena ve vysok\u00e9 polistice","url":"https:\/\/www.si-sawa.cz\/zena-ve-vysoke-polistice\/","datePublished":"2023-04-27","dateModified":"2023-04-27","mainEntityOfPage":"https:\/\/www.si-sawa.cz\/zena-ve-vysoke-polistice\/","author":{"@type":"Person","@id":"https:\/\/www.si-sawa.cz\/author\/#Person","name":"si-sawa.cz\n","url":"https:\/\/www.si-sawa.cz\/author\/","identifier":1,"image":{"@type":"ImageObject","@id":"https:\/\/secure.gravatar.com\/avatar\/da76ffe9456a057fb26f92cd8eb3d2effca853864e9ae2a35290bd1e10b1f7d4?s=96&d=mm&r=g","url":"https:\/\/secure.gravatar.com\/avatar\/da76ffe9456a057fb26f92cd8eb3d2effca853864e9ae2a35290bd1e10b1f7d4?s=96&d=mm&r=g","height":96,"width":96}},"publisher":{"@type":"Organization","name":"si-sawa.cz","logo":{"@type":"ImageObject","@id":"\/logo.png","url":"\/logo.png","width":600,"height":60}},"image":null,"keywords":null},{"@type":"Article","@id":"https:\/\/www.si-sawa.cz\/zenska-empatie\/","headline":"\u017densk\u00e1 empatie","url":"https:\/\/www.si-sawa.cz\/zenska-empatie\/","datePublished":"2023-04-27","dateModified":"2023-04-27","mainEntityOfPage":"https:\/\/www.si-sawa.cz\/zenska-empatie\/","author":{"@type":"Person","@id":"https:\/\/www.si-sawa.cz\/author\/#Person","name":"si-sawa.cz\n","url":"https:\/\/www.si-sawa.cz\/author\/","identifier":1,"image":{"@type":"ImageObject","@id":"https:\/\/secure.gravatar.com\/avatar\/da76ffe9456a057fb26f92cd8eb3d2effca853864e9ae2a35290bd1e10b1f7d4?s=96&d=mm&r=g","url":"https:\/\/secure.gravatar.com\/avatar\/da76ffe9456a057fb26f92cd8eb3d2effca853864e9ae2a35290bd1e10b1f7d4?s=96&d=mm&r=g","height":96,"width":96}},"publisher":{"@type":"Organization","name":"si-sawa.cz","logo":{"@type":"ImageObject","@id":"\/logo.png","url":"\/logo.png","width":600,"height":60}},"image":null,"keywords":null}]}