[{"@context":"https:\/\/schema.org\/","@type":"Article","@id":"https:\/\/www.si-sawa.cz\/zarizovani-interieru\/#Article","mainEntityOfPage":"https:\/\/www.si-sawa.cz\/zarizovani-interieru\/","headline":"Za\u0159izov\u00e1n\u00ed interi\u00e9ru","name":"Za\u0159izov\u00e1n\u00ed interi\u00e9ru","description":"Zamysleme se, kde tr\u00e1v\u00edme nejv\u00edce \u010dasu? U v\u011bt\u0161iny lid\u00ed to asi bude jejich kancel\u00e1\u0159 a domov. Jist\u011b se shodneme i na tom, \u017ee vzhled a za\u0159\u00edzen\u00ed interi\u00e9ru m\u00e1 velk\u00fd vliv na na\u0161e pocity, n\u00e1ladu. Jednodu\u0161e \u0159e\u010deno, jak\u00e9 si to ud\u011bl\u00e1me, takov\u00e9 to budeme m\u00edt. Domov si jist\u011b v\u0161ichni za\u0159izuj\u00ed s velkou pe\u010dlivost\u00ed, pokud jde o [&hellip;]","datePublished":"2023-06-13","dateModified":"2024-06-17","author":{"@type":"Person","@id":"https:\/\/www.si-sawa.cz\/author\/#Person","name":"si-sawa.cz\n","url":"https:\/\/www.si-sawa.cz\/author\/","identifier":1,"image":{"@type":"ImageObject","@id":"https:\/\/secure.gravatar.com\/avatar\/da76ffe9456a057fb26f92cd8eb3d2effca853864e9ae2a35290bd1e10b1f7d4?s=96&d=mm&r=g","url":"https:\/\/secure.gravatar.com\/avatar\/da76ffe9456a057fb26f92cd8eb3d2effca853864e9ae2a35290bd1e10b1f7d4?s=96&d=mm&r=g","height":96,"width":96}},"publisher":{"@type":"Organization","name":"si-sawa.cz","logo":{"@type":"ImageObject","@id":"\/logo.png","url":"\/logo.png","width":600,"height":60}},"url":"https:\/\/www.si-sawa.cz\/zarizovani-interieru\/","wordCount":252,"articleBody":"Zamysleme se, kde tr\u00e1v\u00edme nejv\u00edce \u010dasu? U v\u011bt\u0161iny lid\u00ed to asi bude jejich kancel\u00e1\u0159 a domov. Jist\u011b se shodneme i na tom, \u017ee vzhled a za\u0159\u00edzen\u00ed interi\u00e9ru m\u00e1 velk\u00fd vliv na na\u0161e pocity, n\u00e1ladu. Jednodu\u0161e \u0159e\u010deno, jak\u00e9 si to ud\u011bl\u00e1me, takov\u00e9 to budeme m\u00edt. Domov si jist\u011b v\u0161ichni za\u0159izuj\u00ed s velkou pe\u010dlivost\u00ed, pokud jde o kancel\u00e1\u0159, mnohdy b\u00fdv\u00e1 trochu opom\u00edjena. Nen\u00ed to ale \u0161koda? V\u017edy\u0165 i pracovn\u00ed prost\u0159ed\u00ed m\u016f\u017ee b\u00fdt p\u0159\u00edjemn\u00e9, \u00fatuln\u00e9. Uvid\u00edte, \u017ee se v pr\u00e1ci hned budete c\u00edtit l\u00e9pe a tomu budou jist\u011b odpov\u00eddat i Va\u0161e pracovn\u00ed v\u00fdsledky. Za\u0159i\u010fme si svou kancel\u00e1\u0159 tak, abychom se do n\u00ed t\u011b\u0161ili a \u010das v n\u00ed str\u00e1ven\u00fd byl p\u0159\u00edjemn\u00fd.Co nesm\u00ed chyb\u011bt?Ano, jist\u011b. P\u0159edev\u0161\u00edm nesm\u00ed chyb\u011bt pracovn\u00ed st\u016fl se \u017eidl\u00ed. To je zcela nezbytn\u00e9. Ale jde-li o zp\u0159\u00edjemn\u011bn\u00ed interi\u00e9ru, nezapom\u00ednejme na koberce Praha. M\u00e1te obavy z jejich v\u00fdb\u011bru, p\u0159ev\u00e1\u017een\u00ed a pokl\u00e1d\u00e1n\u00ed? P\u0159edstavujete si sami sebe, jak t\u00e1hnete na rameni n\u011bkolikametrovou roli? Ale to je ji\u017e d\u00e1vno historie, dnes to chod\u00ed, tedy alespo\u0148 u n\u00e1s, zcela jinak. Na\u0161i poradci p\u0159ijedou za V\u00e1mi, proberete mo\u017enosti a Va\u0161e p\u0159edstavy, vyberete si p\u0159es internet a ostatn\u00ed ji\u017e za\u0159\u00edd\u00edme my.                                                                                                                                                                                                                                                                                                                                                                                        5\/5 - (2 votes)        "},{"@context":"https:\/\/schema.org\/","@type":"BreadcrumbList","itemListElement":[{"@type":"ListItem","position":1,"name":"Za\u0159izov\u00e1n\u00ed interi\u00e9ru","item":"https:\/\/www.si-sawa.cz\/zarizovani-interieru\/#breadcrumbitem"}]}]