[{"@context":"https:\/\/schema.org\/","@type":"Article","@id":"https:\/\/www.si-sawa.cz\/vikend-pohody-a-odpocinku\/#Article","mainEntityOfPage":"https:\/\/www.si-sawa.cz\/vikend-pohody-a-odpocinku\/","headline":"V\u00edkend pohody a odpo\u010dinku","name":"V\u00edkend pohody a odpo\u010dinku","description":"Spousta lid\u00ed m\u00e1 v dne\u0161n\u00ed dob\u011b ve velik\u00e9 oblib\u011b pr\u00e1v\u011b v\u00edkendov\u00e9 pobyty, kter\u00e9 jsou skv\u011bl\u00fdm po\u010dinem, d\u00edky kter\u00e9mu si perfektn\u011b zarelaxujete. Tyto pobyty, a\u010dkoliv jsou pouze na p\u00e1r dn\u00edm v\u00e1m dok\u00e1\u017eou dodat opravdu velik\u00e9 mno\u017estv\u00ed energie, dok\u00e1\u017eou v\u00e1m dodat optimismus a d\u00edky nim budete schopni aspo\u0148 na chv\u00edli vypnout a uvolnit se. V\u00edkend nen\u00ed kr\u00e1tk\u00fd [&hellip;]","datePublished":"2025-03-07","dateModified":"2025-03-07","author":{"@type":"Person","@id":"https:\/\/www.si-sawa.cz\/author\/#Person","name":"si-sawa.cz\n","url":"https:\/\/www.si-sawa.cz\/author\/","identifier":1,"image":{"@type":"ImageObject","@id":"https:\/\/secure.gravatar.com\/avatar\/da76ffe9456a057fb26f92cd8eb3d2effca853864e9ae2a35290bd1e10b1f7d4?s=96&d=mm&r=g","url":"https:\/\/secure.gravatar.com\/avatar\/da76ffe9456a057fb26f92cd8eb3d2effca853864e9ae2a35290bd1e10b1f7d4?s=96&d=mm&r=g","height":96,"width":96}},"publisher":{"@type":"Organization","name":"si-sawa.cz","logo":{"@type":"ImageObject","@id":"\/logo.png","url":"\/logo.png","width":600,"height":60}},"url":"https:\/\/www.si-sawa.cz\/vikend-pohody-a-odpocinku\/","wordCount":183,"articleBody":"Spousta lid\u00ed m\u00e1 v dne\u0161n\u00ed dob\u011b ve velik\u00e9 oblib\u011b pr\u00e1v\u011b v\u00edkendov\u00e9 pobyty, kter\u00e9 jsou skv\u011bl\u00fdm po\u010dinem, d\u00edky kter\u00e9mu si perfektn\u011b zarelaxujete. Tyto pobyty, a\u010dkoliv jsou pouze na p\u00e1r dn\u00edm v\u00e1m dok\u00e1\u017eou dodat opravdu velik\u00e9 mno\u017estv\u00ed energie, dok\u00e1\u017eou v\u00e1m dodat optimismus a d\u00edky nim budete schopni aspo\u0148 na chv\u00edli vypnout a uvolnit se. V\u00edkend nen\u00ed kr\u00e1tk\u00fd Mo\u017en\u00e1 si mysl\u00edte, \u017ee v\u00edkend je opravdu kr\u00e1tk\u00fd, a \u017ee se za tak dlouhou dobu ned\u00e1 stihnout ani vypnout a odpoutat se od starost\u00ed. Nenechte se snadno spl\u00e9st, je to velice dlouh\u00e1 doba, ale pouze tehdy, kdy\u017e se ten \u010das dok\u00e1\u017ee spr\u00e1vn\u011b a efektivn\u011b vyu\u017e\u00edt. Pr\u00e1v\u011b na v\u00edkendov\u00e9m pobytu je v\u0161e perfektn\u011b na\u010dasovan\u00e9, \u010dasem rozhodn\u011b pl\u00fdtvat nebudete a u\u017eijete si v\u0161e do posledn\u00edho punt\u00ed\u010dku. Povzneste oby\u010dejn\u00e9 dvoudenn\u00ed volno jako ka\u017ed\u00e9 jin\u00e9 na n\u011bco mimo\u0159\u00e1dn\u00e9ho, neobvykl\u00e9ho, na n\u011bco, na co budete dlouho vzpom\u00ednat.                                                                                                                                                                                                                                                                                                                                                                                                "},{"@context":"https:\/\/schema.org\/","@type":"BreadcrumbList","itemListElement":[{"@type":"ListItem","position":1,"name":"V\u00edkend pohody a odpo\u010dinku","item":"https:\/\/www.si-sawa.cz\/vikend-pohody-a-odpocinku\/#breadcrumbitem"}]}]