[{"@context":"https:\/\/schema.org\/","@type":"Article","@id":"https:\/\/www.si-sawa.cz\/uklidte-si-za-vlastnim-prahem\/#Article","mainEntityOfPage":"https:\/\/www.si-sawa.cz\/uklidte-si-za-vlastnim-prahem\/","headline":"Ukli\u010fte si za vlastn\u00edm prahem","name":"Ukli\u010fte si za vlastn\u00edm prahem","description":"Zn\u00e1te po\u0159ekadlo, \u017ee si m\u00e1 ka\u017ed\u00fd zam\u00e9st p\u0159ed vlastn\u00edm prahem? Symbolizuje tro\u0161ku n\u011bco jin\u00e9ho, o \u010dem se nyn\u00ed budeme bavit, ale pokud bychom se t\u011bmito slovy cht\u011bli dopodrobna zab\u00fdvat, pak je m\u016f\u017eeme rozebrat a mluvit o tom, \u017ee n\u00e1s op\u011bt \u010dek\u00e1 ukl\u00edzen\u00ed a zase jenom myt\u00ed, drhnut\u00ed a \u010di\u0161t\u011bn\u00ed a po\u0159\u00e1d dokola po cel\u00fd rok. [&hellip;]","datePublished":"2019-10-25","dateModified":"2023-04-27","author":{"@type":"Person","@id":"https:\/\/www.si-sawa.cz\/author\/#Person","name":"si-sawa.cz\n","url":"https:\/\/www.si-sawa.cz\/author\/","identifier":1,"image":{"@type":"ImageObject","@id":"https:\/\/secure.gravatar.com\/avatar\/da76ffe9456a057fb26f92cd8eb3d2effca853864e9ae2a35290bd1e10b1f7d4?s=96&d=mm&r=g","url":"https:\/\/secure.gravatar.com\/avatar\/da76ffe9456a057fb26f92cd8eb3d2effca853864e9ae2a35290bd1e10b1f7d4?s=96&d=mm&r=g","height":96,"width":96}},"publisher":{"@type":"Organization","name":"si-sawa.cz","logo":{"@type":"ImageObject","@id":"\/logo.png","url":"\/logo.png","width":600,"height":60}},"image":{"@type":"ImageObject","@id":"https:\/\/www.si-sawa.cz\/wp-content\/uploads\/img_a361893_w1739_t1574934750.jpg","url":"https:\/\/www.si-sawa.cz\/wp-content\/uploads\/img_a361893_w1739_t1574934750.jpg","height":0,"width":0},"url":"https:\/\/www.si-sawa.cz\/uklidte-si-za-vlastnim-prahem\/","about":["Slu\u017eby"],"wordCount":574,"articleBody":"       Zn\u00e1te po\u0159ekadlo, \u017ee si m\u00e1 ka\u017ed\u00fd zam\u00e9st p\u0159ed vlastn\u00edm prahem? Symbolizuje tro\u0161ku n\u011bco jin\u00e9ho, o \u010dem se nyn\u00ed budeme bavit, ale pokud bychom se t\u011bmito slovy cht\u011bli dopodrobna zab\u00fdvat, pak je m\u016f\u017eeme rozebrat a mluvit o tom, \u017ee n\u00e1s op\u011bt \u010dek\u00e1 ukl\u00edzen\u00ed a zase jenom myt\u00ed, drhnut\u00ed a \u010di\u0161t\u011bn\u00ed a po\u0159\u00e1d dokola po cel\u00fd rok. Nedostatek \u010dasu v\u0161ak tr\u00e1p\u00ed mnoh\u00e9 \u017eeny, ale tak\u00e9 mu\u017ee.  Proto je zde \u00faklid dom\u00e1cnost\u00ed, byt\u016f i kancel\u00e1\u0159\u00ed.   Slu\u017eby jsou dostupn\u00e9 v na\u0161em hlavn\u00edm m\u011bst\u011b v Praze.   S nedostatkem \u010dasu bojujeme neust\u00e1le. Pr\u00e1ce, d\u011bti, dom\u00e1cnost, ukl\u00edzen\u00ed a va\u0159en\u00ed. U\u017e V\u00e1s to nebav\u00ed a cht\u011bly byste za\u017e\u00edt zm\u011bnu? Nechejte si uklidit. Nic na tom nen\u00ed. Jen p\u0159ed\u00e1te \u00faklid do profesion\u00e1ln\u00edch rukou.   Uklid\u00edme ka\u017edi\u010dk\u00fd kousek i ka\u017ed\u00e9 z\u00e1kout\u00ed v byt\u011b. Vysajeme, vyt\u0159eme, umyjeme okna, ut\u0159eme prach, vy\u010dist\u00edme koupelnu, zkr\u00e1tka a dob\u0159e cokoliv, co si budete p\u0159\u00e1t. Star\u00e1me se tak\u00e9 o spole\u010dn\u00e9 prostory, chodby, bytov\u00e9 domy, i firmy, kancel\u00e1\u0159e a r\u016fzn\u00e9 dal\u0161\u00ed prostory, jako jsou recepce, velk\u00e9 prosklen\u00e9 budovy a mnoho dal\u0161\u00edho. Do na\u0161\u00ed pr\u00e1ce za\u0159azujeme i kancel\u00e1\u0159e. B\u011b\u017en\u00fd provoz mnohdy nedovoluje, aby se zde mohlo po\u0159\u00e1dn\u011b v\u0161echno vy\u010distit, a mnohdy na to nem\u00e1 nikdo ve firm\u011b \u010das, proto jsme zde s na\u0161imi slu\u017ebami. \u00daklid dom\u00e1cnosti Praha 5 Purehouse V\u00e1m zajist\u00ed uklizenou, \u010distou a kr\u00e1snou dom\u00e1cnost bez stresu a nap\u011bt\u00ed, \u017ee n\u011bco nestihnete.   Netrapte se \u010di\u0161t\u011bn\u00edm, myt\u00edm a drhnut\u00edm Ned\u011blejte si letos starosti s \u010di\u0161t\u011bn\u00edm, myt\u00edm a drhnut\u00edm. P\u0159enechejte to zku\u0161en\u00fdm profesion\u00e1l\u016fm, kte\u0159\u00ed to stihnou v dob\u011b, t\u0159eba kdy\u017e zrovna nebudete doma. Pak u\u017e jenom p\u0159ijdete a budete si moci u\u017e\u00edvat ten p\u0159\u00edjemn\u00fd pocit, \u017ee m\u00e1te v\u0161ude \u010disto a kr\u00e1sn\u011b. D\u00edky tomu se budete moci v\u011bnovat v\u011bcem, kter\u00e9 m\u00e1te r\u00e1di a kter\u00e9 r\u00e1di provozujete. A\u0165 u\u017e jde o rodinu, budete s n\u00ed moci tr\u00e1vit v\u00edc \u010dasu, nebo m\u016f\u017eete n\u011bco dobr\u00e9ho uva\u0159it sob\u011b a p\u0159\u00edtelovi, proto\u017ee u\u017e budete m\u00edt v\u0161ude \u010disto a kr\u00e1sn\u011b, nebo m\u016f\u017eete j\u00edt do posilovny, cvi\u010dit, na kosmetiku, na mas\u00e1\u017e, nebo b\u011bhat. Z\u00e1le\u017e\u00ed na tom, co m\u00e1te r\u00e1di. Kaf\u00ed\u010dko s kamar\u00e1dkou, zat\u00edmco V\u00e1m doma budeme v\u0161e \u010distit je jist\u011b l\u00e9pe vyu\u017eit\u00fd \u010das, ne\u017e se doma tr\u00e1pit na kolenou s drhnut\u00edm podlahy. Star\u00e1me se tak\u00e9 o bytov\u00e9 a panelov\u00e9 domy v\u010detn\u011b chodeb a spole\u010dn\u00fdch prostor. Pln\u00edme jak\u00e9koliv individu\u00e1ln\u00ed po\u017eadavky, tak\u017ee si m\u016f\u017eete \u0159\u00edct, o co vlastn\u011b m\u00e1te z\u00e1jem.  \u010cin\u017eovn\u00ed domy, panelov\u00e9 domy, r\u016fzn\u00e9 objekty, kancel\u00e1\u0159e, firmy, b\u011b\u017en\u00e9 byty, dom\u00e1cnosti, doprav\u00edme se kamkoliv podle Va\u0161eho p\u0159\u00e1n\u00ed.   Gener\u00e1ln\u00ed \u00faklid, myt\u00ed oken, odkl\u00edzen\u00ed sn\u011bhu, b\u011b\u017en\u00e1 \u00fadr\u017eba dom\u00e1cnosti, ka\u017edot\u00fddenn\u00ed \u00faklid nebo t\u0159eba \u017eehlen\u00ed, to v\u0161e m\u016f\u017eete \u017e\u00e1dat, zkr\u00e1tka cokoliv, co si budete p\u0159\u00e1t.                                                                                                                                                                                                                                                                                                                                                                                          4.2\/5 - (6 votes)        "},{"@context":"https:\/\/schema.org\/","@type":"BreadcrumbList","itemListElement":[{"@type":"ListItem","position":1,"name":"Ukli\u010fte si za vlastn\u00edm prahem","item":"https:\/\/www.si-sawa.cz\/uklidte-si-za-vlastnim-prahem\/#breadcrumbitem"}]}]