[{"@context":"https:\/\/schema.org\/","@type":"Article","@id":"https:\/\/www.si-sawa.cz\/trapi-vas-kozni-problemy\/#Article","mainEntityOfPage":"https:\/\/www.si-sawa.cz\/trapi-vas-kozni-problemy\/","headline":"Tr\u00e1p\u00ed v\u00e1s ko\u017en\u00ed probl\u00e9my?","name":"Tr\u00e1p\u00ed v\u00e1s ko\u017en\u00ed probl\u00e9my?","description":"Proto\u017ee \u017eijeme ve sv\u011bt\u011b pln\u00e9ho chemie a podobn\u00fdch nep\u0159irozen\u00fdch z\u00e1le\u017eitost\u00ed, nen\u00ed se \u010demu divit, kdy\u017e se lid\u00e9 pot\u00fdkaj\u00ed s dermatologick\u00fdmi probl\u00e9my. Jestli\u017ee i vy m\u00e1te probl\u00e9my se svou plet\u00ed a cht\u011bli byste je urychlen\u011b vy\u0159e\u0161it, pak nav\u0161tivte odborn\u00edky, kte\u0159\u00ed se o v\u0161e mohou velmi rychle postarat. P\u0159i n\u00e1v\u0161t\u011bv\u011b u n\u00e1s ihned pozn\u00e1te, \u017ee na na\u0161e [&hellip;]","datePublished":"2023-07-24","dateModified":"2023-07-24","author":{"@type":"Person","@id":"https:\/\/www.si-sawa.cz\/author\/#Person","name":"si-sawa.cz\n","url":"https:\/\/www.si-sawa.cz\/author\/","identifier":1,"image":{"@type":"ImageObject","@id":"https:\/\/secure.gravatar.com\/avatar\/da76ffe9456a057fb26f92cd8eb3d2effca853864e9ae2a35290bd1e10b1f7d4?s=96&d=mm&r=g","url":"https:\/\/secure.gravatar.com\/avatar\/da76ffe9456a057fb26f92cd8eb3d2effca853864e9ae2a35290bd1e10b1f7d4?s=96&d=mm&r=g","height":96,"width":96}},"publisher":{"@type":"Organization","name":"si-sawa.cz","logo":{"@type":"ImageObject","@id":"\/logo.png","url":"\/logo.png","width":600,"height":60}},"url":"https:\/\/www.si-sawa.cz\/trapi-vas-kozni-problemy\/","wordCount":256,"articleBody":"Proto\u017ee \u017eijeme ve sv\u011bt\u011b pln\u00e9ho chemie a podobn\u00fdch nep\u0159irozen\u00fdch z\u00e1le\u017eitost\u00ed, nen\u00ed se \u010demu divit, kdy\u017e se lid\u00e9 pot\u00fdkaj\u00ed s dermatologick\u00fdmi probl\u00e9my. Jestli\u017ee i vy m\u00e1te probl\u00e9my se svou plet\u00ed a cht\u011bli byste je urychlen\u011b vy\u0159e\u0161it, pak nav\u0161tivte odborn\u00edky, kte\u0159\u00ed se o v\u0161e mohou velmi rychle postarat. P\u0159i n\u00e1v\u0161t\u011bv\u011b u n\u00e1s ihned pozn\u00e1te, \u017ee na na\u0161e slu\u017eby bude spolehnut\u00ed, a to p\u0159edev\u0161\u00edm d\u00edky na\u0161\u00ed bohat\u00e9 praxi. Ko\u017en\u00ed ambulance Karlovy Vary m\u016f\u017ee pomoci p\u0159i \u0159e\u0161en\u00ed nejr\u016fzn\u011bj\u0161\u00edch projev\u016f, a tak se za n\u00e1mi nebojte p\u0159ij\u00edt. My v\u00e1m pom\u016f\u017eeme nejlep\u0161\u00edmi metodami, kter\u00e9 jsou sou\u010dasn\u011b k dispozici.Kvalitn\u00ed vybaven\u00ed pro nejr\u016fzn\u011bj\u0161\u00ed vy\u0161et\u0159en\u00edProto\u017ee jsme ambulance, kter\u00e1 db\u00e1 p\u0159edev\u0161\u00edm na prevenci, m\u016f\u017eete si b\u00fdt jisti, \u017ee v\u00e1m poskytnete mimo\u0159\u00e1dnou p\u00e9\u010di hlavn\u011b v p\u0159\u00edpad\u011b preventivn\u00edch vy\u0161et\u0159en\u00ed. Velmi r\u00e1di v\u00e1s prohl\u00e9dneme a zjist\u00edme, zdali na sv\u00e9m t\u011ble nem\u00e1te n\u011bjak\u00e9 pigmentov\u00e9 projevy, kter\u00e9 by pot\u0159ebovaly odstranit. Zdrav\u00ed je ve v\u0161ech sm\u011brech velmi d\u016fle\u017eit\u00e9, a tak o n\u011bj pe\u010dujte, a to i v t\u00e9to oblasti. To, jak vypad\u00e1 na\u0161e ple\u0165, vid\u00ed naprosto ka\u017ed\u00fd, a tak byste se o sebe m\u011bli starat co nejl\u00e9pe.                                                                                                                                                                                                                                                                                                                                                                                        4\/5 - (4 votes)        "},{"@context":"https:\/\/schema.org\/","@type":"BreadcrumbList","itemListElement":[{"@type":"ListItem","position":1,"name":"Tr\u00e1p\u00ed v\u00e1s ko\u017en\u00ed probl\u00e9my?","item":"https:\/\/www.si-sawa.cz\/trapi-vas-kozni-problemy\/#breadcrumbitem"}]}]