[{"@context":"https:\/\/schema.org\/","@type":"Article","@id":"https:\/\/www.si-sawa.cz\/rodinne-album-jiz-od-prvni-minuty\/#Article","mainEntityOfPage":"https:\/\/www.si-sawa.cz\/rodinne-album-jiz-od-prvni-minuty\/","headline":"Rodinn\u00e9 album ji\u017e od prvn\u00ed minuty","name":"Rodinn\u00e9 album ji\u017e od prvn\u00ed minuty","description":"V\u017edy jste p\u0159em\u00fd\u0161leli o tom, \u017ee a\u017e jednoho dne budete m\u00edt opravdov\u00e9 \u0161t\u011bst\u00ed a budete zakl\u00e1dat svoji vlastn\u00ed rodinu, p\u0159\u00e1li byste si takov\u00e9 to rodinn\u00e9 album, kam byste zaznamen\u00e1vali ve\u0161ker\u00e9 Va\u0161e radosti, a hlavn\u011b ve\u0161ker\u00e9 d\u016fle\u017eit\u00e9 ud\u00e1losti ve Va\u0161em \u017eivot\u011b. P\u0159\u00e1li byste si m\u00edt opravdu kvalit\u011b vypln\u011bn\u00e9 rodinn\u00e9 fotoalbum, kam byste se v\u017edy mohli i [&hellip;]","datePublished":"2020-01-27","dateModified":"2024-01-15","author":{"@type":"Person","@id":"https:\/\/www.si-sawa.cz\/author\/#Person","name":"si-sawa.cz\n","url":"https:\/\/www.si-sawa.cz\/author\/","identifier":1,"image":{"@type":"ImageObject","@id":"https:\/\/secure.gravatar.com\/avatar\/da76ffe9456a057fb26f92cd8eb3d2effca853864e9ae2a35290bd1e10b1f7d4?s=96&d=mm&r=g","url":"https:\/\/secure.gravatar.com\/avatar\/da76ffe9456a057fb26f92cd8eb3d2effca853864e9ae2a35290bd1e10b1f7d4?s=96&d=mm&r=g","height":96,"width":96}},"publisher":{"@type":"Organization","name":"si-sawa.cz","logo":{"@type":"ImageObject","@id":"\/logo.png","url":"\/logo.png","width":600,"height":60}},"image":{"@type":"ImageObject","@id":"https:\/\/www.si-sawa.cz\/wp-content\/uploads\/img_a373425_w1739_t1584960724.jpg","url":"https:\/\/www.si-sawa.cz\/wp-content\/uploads\/img_a373425_w1739_t1584960724.jpg","height":0,"width":0},"url":"https:\/\/www.si-sawa.cz\/rodinne-album-jiz-od-prvni-minuty\/","about":["Slu\u017eby"],"wordCount":438,"articleBody":"        V\u017edy jste p\u0159em\u00fd\u0161leli o tom, \u017ee a\u017e jednoho dne budete m\u00edt opravdov\u00e9 \u0161t\u011bst\u00ed a budete zakl\u00e1dat svoji vlastn\u00ed rodinu, p\u0159\u00e1li byste si takov\u00e9 to rodinn\u00e9 album, kam byste zaznamen\u00e1vali ve\u0161ker\u00e9 Va\u0161e radosti, a hlavn\u011b ve\u0161ker\u00e9 d\u016fle\u017eit\u00e9 ud\u00e1losti ve Va\u0161em \u017eivot\u011b. P\u0159\u00e1li byste si m\u00edt opravdu kvalit\u011b vypln\u011bn\u00e9 rodinn\u00e9 fotoalbum, kam byste se v\u017edy mohli i po n\u011bkolika letech pod\u00edvat a zavzpom\u00ednat si na star\u00e9 \u010dasy. Abyste mohli takov\u00e9 kvalitn\u00ed rodinn\u00e9 album vytvo\u0159it, pot\u0159ebujete kvalitn\u00edho fotografa, kter\u00fd dokonale dok\u00e1\u017ee zaznamenat ve\u0161ker\u00e9 Va\u0161e nejd\u016fle\u017eit\u011bj\u0161\u00ed rodinn\u00e9 chv\u00edle t\u00edm nejlep\u0161\u00edm zp\u016fsobem.Jen opravdu velmi kvalitn\u00ed fotogram s dlouh\u00fdmi zku\u0161enostmi a kvalitn\u00edm c\u00edt\u011bn\u00edm dok\u00e1\u017ee Va\u0161e nejd\u016fle\u017eit\u011bj\u0161\u00ed rodinn\u00e9 okam\u017eiky zaznamenat tak, abyste se na n\u011b v\u017edy velmi r\u00e1di d\u00edvali a aby Va\u0161e rodinn\u00e9 album bylo naprosto perfektn\u00ed. Nev\u00edte, jak\u00fd fotograf zl\u00edn by pro V\u00e1s byl t\u00edm nejlep\u0161\u00edm \u0159e\u0161en\u00edm? Pod\u00edvejte se na webov\u00e9 str\u00e1nky a jist\u011b uzn\u00e1te, \u017ee lep\u0161\u00edho \u010dlov\u011bka pro zaznamen\u00e1 Va\u0161ich \u017eivotn\u00edch z\u00e1\u017eitk\u016f jste si rozhodn\u011b p\u0159\u00e1t nemohli. Dokonal\u00e9 sn\u00edmky, kter\u00e9 z tohoto studia dostanete V\u00e1s budou doprov\u00e1zet cel\u00fdm Va\u0161im \u017eivotem a nikdy d\u00edky sn\u00edmk\u016fm na tyto okam\u017eiky rozhodn\u011b nezapomenete. Vyberte si rodinn\u00e9 album p\u0159esn\u011b podle Va\u0161ich p\u0159edstav, kontaktujte opravdov\u00e9ho profesion\u00e1la a u\u017eijte si chv\u00edle p\u0159i vytv\u00e1\u0159en\u00ed n\u011b\u010deho, co je pro V\u00e1s i pro celou Va\u0161i rodinu opravdu velmi d\u016fle\u017eit\u00e9. Budete si moc nechat zaznamenat nejr\u016fzn\u011bj\u0161\u00ed rodinn\u00e9 ud\u00e1losti t\u00edm nejlep\u0161\u00edm mo\u017en\u00fdm zp\u016fsobem a d\u00edky opravdov\u00e9mu profesion\u00e1lovi si tyto d\u016fle\u017eit\u00e9 chvilky budete moct p\u0159ipom\u00ednat kdykoli budete cht\u00edt. Nezapome\u0148te, \u017ee i v dne\u0161n\u00ed dob\u011b je velmi d\u016fle\u017eit\u00e9 m\u00edt dokonal\u00e9 chvilky schovan\u00e9 a\u0165 u\u017e jen pro sebe nebo pro pochluben\u00ed p\u0159\u00e1tel\u016fm \u010di ostatn\u00edm \u010dlen\u016fm rodiny.Zaznamenejte sv\u00e9 nejd\u016fle\u017eit\u011bj\u0161\u00ed \u017eivotn\u00ed okam\u017eiky p\u0159esn\u011b tak, jak jste si v\u017edy p\u0159edstavovali pomoc\u00ed t\u011bch nejkvalitn\u011bj\u0161\u00edch slu\u017eeb. Uvid\u00edte sami, \u017ee v pozd\u011bj\u0161\u00edm v\u011bku budete opravdu velmi r\u00e1di, \u017ee jste takov\u00fdch slu\u017eeb vyu\u017eili a \u017ee se dnes m\u016f\u017eete py\u0161nit n\u00e1dhern\u00fdm rodinn\u00fdm albem.                                                                                                                                                                                                                                                                                                                                                                                           4\/5 - (3 votes)        "},{"@context":"https:\/\/schema.org\/","@type":"BreadcrumbList","itemListElement":[{"@type":"ListItem","position":1,"name":"Rodinn\u00e9 album ji\u017e od prvn\u00ed minuty","item":"https:\/\/www.si-sawa.cz\/rodinne-album-jiz-od-prvni-minuty\/#breadcrumbitem"}]}]