[{"@context":"https:\/\/schema.org\/","@type":"Article","@id":"https:\/\/www.si-sawa.cz\/odchazejte-od-nas-s-vizazi-jako-od-more\/#Article","mainEntityOfPage":"https:\/\/www.si-sawa.cz\/odchazejte-od-nas-s-vizazi-jako-od-more\/","headline":"Odch\u00e1zejte od n\u00e1s s viz\u00e1\u017e\u00ed, jako od mo\u0159e","name":"Odch\u00e1zejte od n\u00e1s s viz\u00e1\u017e\u00ed, jako od mo\u0159e","description":"Va\u0161\u00edm p\u0159\u00e1n\u00edm je, abyste byla n\u00e1dhern\u011b op\u00e1len\u00e1, jako od mo\u0159e. Ale bohu\u017eel se letos k mo\u0159i nedostanete. Velmi v\u00e1s to tr\u00e1p\u00ed, ale bohu\u017eel, co s t\u00edmto faktem nad\u011bl\u00e1te. Pomalu, ale jist\u011b se smi\u0159ujete s faktem, \u017ee leto\u0161n\u00ed l\u00e9to nebudete m\u00edt n\u00e1dhern\u011b, op\u00e1lenou poko\u017eku, ale velmi v\u00e1s to tr\u00e1p\u00ed. My v\u00e1m um\u00edme vykouzlit \u00fasm\u011bv na tv\u00e1\u0159i, [&hellip;]","datePublished":"2020-03-15","dateModified":"2023-08-17","author":{"@type":"Person","@id":"https:\/\/www.si-sawa.cz\/author\/#Person","name":"si-sawa.cz\n","url":"https:\/\/www.si-sawa.cz\/author\/","identifier":1,"image":{"@type":"ImageObject","@id":"https:\/\/secure.gravatar.com\/avatar\/da76ffe9456a057fb26f92cd8eb3d2effca853864e9ae2a35290bd1e10b1f7d4?s=96&d=mm&r=g","url":"https:\/\/secure.gravatar.com\/avatar\/da76ffe9456a057fb26f92cd8eb3d2effca853864e9ae2a35290bd1e10b1f7d4?s=96&d=mm&r=g","height":96,"width":96}},"publisher":{"@type":"Organization","name":"si-sawa.cz","logo":{"@type":"ImageObject","@id":"\/logo.png","url":"\/logo.png","width":600,"height":60}},"image":{"@type":"ImageObject","@id":"https:\/\/www.si-sawa.cz\/wp-content\/uploads\/Sol%C3%A1rium.jpg","url":"https:\/\/www.si-sawa.cz\/wp-content\/uploads\/Sol%C3%A1rium.jpg","height":0,"width":0},"url":"https:\/\/www.si-sawa.cz\/odchazejte-od-nas-s-vizazi-jako-od-more\/","about":["Slu\u017eby"],"wordCount":471,"articleBody":"         Va\u0161\u00edm p\u0159\u00e1n\u00edm je, abyste byla n\u00e1dhern\u011b op\u00e1len\u00e1, jako od mo\u0159e. Ale bohu\u017eel se letos k mo\u0159i nedostanete. Velmi v\u00e1s to tr\u00e1p\u00ed, ale bohu\u017eel, co s t\u00edmto faktem nad\u011bl\u00e1te. Pomalu, ale jist\u011b se smi\u0159ujete s faktem, \u017ee leto\u0161n\u00ed l\u00e9to nebudete m\u00edt n\u00e1dhern\u011b, op\u00e1lenou poko\u017eku, ale velmi v\u00e1s to tr\u00e1p\u00ed. My v\u00e1m um\u00edme vykouzlit \u00fasm\u011bv na tv\u00e1\u0159i, proto\u017ee n\u00e1\u0161 salon v\u00e1m nab\u00edz\u00ed dokonal\u00e9 slu\u017eby, u kter\u00fdch si m\u016f\u017eete b\u00fdt opravdu jist\u00e1, \u017ee v\u00e1m poskytne to, po \u010dem opravdu tou\u017e\u00edte. Jenom od n\u00e1s budete odch\u00e1zet tak op\u00e1len\u00e1, jako byste str\u00e1vila n\u011bkolik t\u00fddn\u016f u mo\u0159e, to v\u00e1m sol\u00e1rium brno skute\u010dn\u011b zaru\u010duje, tak nev\u00e1hejte s n\u00e1v\u0161t\u011bvou, kter\u00e1 z v\u00e1s ud\u011bl\u00e1 exotickou kr\u00e1sku. Uvid\u00edte, \u017ee se slu\u017ebami, kter\u00e9 nab\u00edz\u00edme, budete opravdu spokojen\u00e1.My v\u00edme, na \u010dem \u017een\u00e1m z\u00e1le\u017e\u00ed\u017den\u00e1m z\u00e1le\u017e\u00ed p\u0159edev\u0161\u00edm na vzhledu. Mnoho z nich si p\u0159eje, aby byly \u010dokol\u00e1dov\u011b op\u00e1len\u00e9, ale co kdy\u017e nemaj\u00ed mo\u017enost z\u00e1jezdu k mo\u0159i? I tento probl\u00e9m u v\u011bt\u0161iny \u017een nast\u00e1v\u00e1, ale my ho dok\u00e1\u017eeme hrav\u011b vy\u0159e\u0161it. Na\u0161e sol\u00e1rium je pro v\u00e1s tou nejlep\u0161\u00ed volbou, jakou si jenom dok\u00e1\u017eete p\u0159edstavit, tak vsa\u010fte na jistotu, kterou v\u00e1m nab\u00edz\u00edme a uvid\u00edte, \u017ee d\u00edky n\u00e1m z\u00edsk\u00e1te \u010dokol\u00e1dovou barvi\u010dku sv\u00e9 pleti, po kter\u00e9 tolik tou\u017e\u00edte. Sta\u0148te se sexy \u017eenou, po kter\u00e9 budou v\u0161ichni \u0161\u00edlet, proto\u017ee, co si budeme pov\u00eddat, op\u00e1len\u00e9 t\u011blo, je opravdu velmi p\u0159ita\u017eliv\u00e9. Tak se i vy sta\u0148te p\u0159ita\u017elivou \u017eenou, a to ani k mo\u0159i nemus\u00edte vycestovat. My v\u00e1m dok\u00e1\u017eeme splnit to, po \u010dem va\u0161e t\u011blo prahne, tak vyu\u017eijte slu\u017eeb, kter\u00e9 se v\u00e1m nab\u00edz\u00ed.Rozlu\u010dte se s bled\u00fdm, nep\u0159ita\u017eliv\u00fdm t\u011blemV\u00edte, \u017ee op\u00e1len\u00e9 \u017eeny jsou v\u00edce p\u0159ita\u017eliv\u00e9, jako ty s velmi b\u00edlou plet\u00ed. Bohu\u017eel pat\u0159\u00edte do skupiny velmi bled\u00fdch \u017een a moc r\u00e1da byste to zm\u011bnila, jenom nev\u00edte, jak toho doc\u00edlit? My v\u00e1m s t\u00edmto probl\u00e9mem r\u00e1di pom\u016f\u017eeme. Vyu\u017eijte na\u0161eho studia a uvid\u00edte, jak se b\u011bhem p\u00e1r n\u00e1v\u0161t\u011bv va\u0161e ple\u0165 zm\u011bn\u00ed k nepozn\u00e1n\u00ed. Kone\u010dn\u011b z v\u00e1s bude op\u00e1len\u00e1 \u017eena, kter\u00e1 bude p\u0159itahovat opravdu ka\u017ed\u00e9ho.                                                                                                                                                                                                                                                                                                                                                                                          4\/5 - (1 vote)        "},{"@context":"https:\/\/schema.org\/","@type":"BreadcrumbList","itemListElement":[{"@type":"ListItem","position":1,"name":"Odch\u00e1zejte od n\u00e1s s viz\u00e1\u017e\u00ed, jako od mo\u0159e","item":"https:\/\/www.si-sawa.cz\/odchazejte-od-nas-s-vizazi-jako-od-more\/#breadcrumbitem"}]}]