{"@context":"https:\/\/schema.org\/","@type":"CollectionPage","@id":"https:\/\/www.si-sawa.cz\/moda\/#CollectionPage","headline":"M\u00f3da Category","description":"","url":"https:\/\/www.si-sawa.cz\/moda\/","hasPart":[{"@type":"Article","@id":"https:\/\/www.si-sawa.cz\/kypre-tvary-a-utly-pas-to-jsou-trendy-ve-svete-spodniho-pradla\/","headline":"Kypr\u00e9 tvary a \u00fatl\u00fd pas, to jsou trendy ve sv\u011bt\u011b spodn\u00edho pr\u00e1dla","url":"https:\/\/www.si-sawa.cz\/kypre-tvary-a-utly-pas-to-jsou-trendy-ve-svete-spodniho-pradla\/","datePublished":"2023-04-27","dateModified":"2023-04-27","mainEntityOfPage":"https:\/\/www.si-sawa.cz\/kypre-tvary-a-utly-pas-to-jsou-trendy-ve-svete-spodniho-pradla\/","author":{"@type":"Person","@id":"https:\/\/www.si-sawa.cz\/author\/#Person","name":"si-sawa.cz\n","url":"https:\/\/www.si-sawa.cz\/author\/","identifier":1,"image":{"@type":"ImageObject","@id":"https:\/\/secure.gravatar.com\/avatar\/da76ffe9456a057fb26f92cd8eb3d2effca853864e9ae2a35290bd1e10b1f7d4?s=96&d=mm&r=g","url":"https:\/\/secure.gravatar.com\/avatar\/da76ffe9456a057fb26f92cd8eb3d2effca853864e9ae2a35290bd1e10b1f7d4?s=96&d=mm&r=g","height":96,"width":96}},"publisher":{"@type":"Organization","name":"si-sawa.cz","logo":{"@type":"ImageObject","@id":"\/logo.png","url":"\/logo.png","width":600,"height":60}},"image":null,"keywords":null}]}