[{"@context":"https:\/\/schema.org\/","@type":"Article","@id":"https:\/\/www.si-sawa.cz\/leto-pratele-a-kvalitni-hudba\/#Article","mainEntityOfPage":"https:\/\/www.si-sawa.cz\/leto-pratele-a-kvalitni-hudba\/","headline":"L\u00e9to, p\u0159\u00e1tel\u00e9 a kvalitn\u00ed hudba","name":"L\u00e9to, p\u0159\u00e1tel\u00e9 a kvalitn\u00ed hudba","description":"HRADY Pro ty, co maj\u00ed r\u00e1di zejm\u00e9na popovou muziku, je tu festival Hrady, kter\u00fd se ji\u017e n\u011bkolik let odehr\u00e1v\u00e1 v\u00a0bl\u00edzkosti \u010desk\u00fdch a moravsk\u00fdch hrad\u016f. Horkou atmosf\u00e9ru \u010dervence a srpna si m\u016f\u017eete vychutnat na hradech To\u010dn\u00edk \u2013 \u017debr\u00e1k, na Kun\u011btick\u00e9 ho\u0159e, v\u00a0Ro\u017emberku nad\u00a0Vltavou, na \u0160vihov\u011b, na hrad\u011b Veve\u0159\u00ed, na Bezd\u011bzu, v\u00a0Hradci nad Moravic\u00ed \u010di na\u00a0Bouzov\u011b. Po\u0159adatel\u00e9 [&hellip;]","datePublished":"2023-04-27","dateModified":"2023-04-27","author":{"@type":"Person","@id":"https:\/\/www.si-sawa.cz\/author\/#Person","name":"si-sawa.cz\n","url":"https:\/\/www.si-sawa.cz\/author\/","identifier":1,"image":{"@type":"ImageObject","@id":"https:\/\/secure.gravatar.com\/avatar\/da76ffe9456a057fb26f92cd8eb3d2effca853864e9ae2a35290bd1e10b1f7d4?s=96&d=mm&r=g","url":"https:\/\/secure.gravatar.com\/avatar\/da76ffe9456a057fb26f92cd8eb3d2effca853864e9ae2a35290bd1e10b1f7d4?s=96&d=mm&r=g","height":96,"width":96}},"publisher":{"@type":"Organization","name":"si-sawa.cz","logo":{"@type":"ImageObject","@id":"\/logo.png","url":"\/logo.png","width":600,"height":60}},"url":"https:\/\/www.si-sawa.cz\/leto-pratele-a-kvalitni-hudba\/","about":["Z\u00e1bava"],"wordCount":393,"articleBody":"\tHRADY\tPro ty, co maj\u00ed r\u00e1di zejm\u00e9na popovou muziku, je tu festival Hrady, kter\u00fd se ji\u017e n\u011bkolik let odehr\u00e1v\u00e1 v\u00a0bl\u00edzkosti \u010desk\u00fdch a moravsk\u00fdch hrad\u016f. Horkou atmosf\u00e9ru \u010dervence a srpna si m\u016f\u017eete vychutnat na hradech To\u010dn\u00edk \u2013 \u017debr\u00e1k, na Kun\u011btick\u00e9 ho\u0159e, v\u00a0Ro\u017emberku nad\u00a0Vltavou, na \u0160vihov\u011b, na hrad\u011b Veve\u0159\u00ed, na Bezd\u011bzu, v\u00a0Hradci nad Moravic\u00ed \u010di na\u00a0Bouzov\u011b.\tPo\u0159adatel\u00e9 postupn\u011b odtaj\u0148uj\u00ed \u00fa\u010dinkuj\u00edc\u00ed pro leto\u0161n\u00ed rok. Zve\u0159ejn\u011bn\u00e1 jsou zat\u00edm jm\u00e9na jako Arakain a Lucie B\u00edl\u00e1, Anna K, Tom\u00e1\u0161 Klus, Mandrage, Mig 21, Rybi\u010dky 48, Xindl X, Vypsan\u00e1 fixa. Slovensk\u00e9 interprety zastupuje kapela Hork\u00fd\u017ee Sl\u00ed\u017ee.\tFestival se odehr\u00e1v\u00e1 v\u017edy po dva dny, v\u00a0p\u00e1tek a v\u00a0sobotu. Atmosf\u00e9ra je d\u00edky m\u00edst\u016fm kon\u00e1n\u00ed jedine\u010dn\u00e1 a d\u00edky spolupr\u00e1ci s\u00a0jednotliv\u00fdmi spr\u00e1vami hrad\u016f jsou vstupy na\u00a0prohl\u00eddky pam\u00e1tek pro n\u00e1v\u0161t\u011bvn\u00edky festivalu zdarma.\t\u00a0\tBEN\u00c1TSK\u00c1!\tPodobn\u00e9 \u017e\u00e1nrov\u00e9 slo\u017een\u00ed interpret\u016f jako na Hradech se sejde tak\u00e9 na Ben\u00e1tsk\u00e9!. Festival Ben\u00e1tsk\u00e1!, kter\u00fd letos slav\u00ed 25 let, se odehr\u00e1v\u00e1 v\u00a0Liberci \u2013 Vestci od 27. do 30. \u010dervence. Krom\u011b tuzemsk\u00fdch a slovensk\u00fdch interpret\u016f se n\u00e1v\u0161t\u011bvn\u00edci mohou ka\u017ed\u00fd rok t\u011b\u0161it na\u00a0zahrani\u010dn\u00ed hv\u011bzdu. Letos jsou to brit\u0161t\u00ed Status Quo. Slovensk\u00fdm tah\u00e1kem je Pavol Habera a Team. Krom\u011b dvou velk\u00fdch p\u00f3di\u00ed se na dal\u0161\u00edch m\u00edstech odehr\u00e1v\u00e1 bohat\u00fd doprovodn\u00fd program se zaj\u00edmav\u00fdmi sout\u011b\u017eemi.\t\u00a0\tMASTERS OF ROCK\tVyznava\u010di tvrd\u0161\u00ed hudby si p\u0159ijdou na sv\u00e9 na velkolep\u00e9 akci Masters of Rock. Festival se odehr\u00e1v\u00e1 po \u010dty\u0159i dny od 14.7. do 17. 7. v\u00a0are\u00e1lu lik\u00e9rky R. Jel\u00ednka ve Vizovic\u00edch. N\u00e1v\u0161t\u011bvn\u00edci se mohou t\u011b\u0161it jak na tuzemsk\u00e9 i zahrani\u010dn\u00ed interprety. Vystoup\u00ed zde hv\u011bzdy jako Apocalyptica, Avantasia, Korpiklaani \u010di Tarja.\t\u00a0\tCOLORS OF OSTRAVA\tNa hv\u011bzdy jako je Birdy, Imagine Dragons nebo Norah Jones se t\u011b\u0161\u00ed fanou\u0161ci, kte\u0159\u00ed zam\u00ed\u0159\u00ed 19 \u2013 22. \u010dervence do Ostravy. Zn\u00e1m\u00e1 kulturn\u00ed megaakce nab\u00edz\u00ed v\u00edce ne\u017e 350 programov\u00fdch bod\u016f. Krom\u011b kvalitn\u00ed hudby si mohou n\u00e1v\u0161t\u011bvn\u00edci u\u017e\u00edt divadeln\u00ed p\u0159edstaven\u00ed, prom\u00edt\u00e1n\u00ed film\u016f, workshopy a mnoho dal\u0161\u00edho.\t\u00a0                                                                                                                                                                                                                                                                                                                                                                                        4.6\/5 - (5 votes)        "},{"@context":"https:\/\/schema.org\/","@type":"BreadcrumbList","itemListElement":[{"@type":"ListItem","position":1,"name":"L\u00e9to, p\u0159\u00e1tel\u00e9 a kvalitn\u00ed hudba","item":"https:\/\/www.si-sawa.cz\/leto-pratele-a-kvalitni-hudba\/#breadcrumbitem"}]}]