[{"@context":"https:\/\/schema.org\/","@type":"Article","@id":"https:\/\/www.si-sawa.cz\/krasne-misto-pro-vas-odpocinek\/#Article","mainEntityOfPage":"https:\/\/www.si-sawa.cz\/krasne-misto-pro-vas-odpocinek\/","headline":"Kr\u00e1sn\u00e9 m\u00edsto pro V\u00e1\u0161 odpo\u010dinek","name":"Kr\u00e1sn\u00e9 m\u00edsto pro V\u00e1\u0161 odpo\u010dinek","description":"Milujete p\u011bstov\u00e1n\u00ed rostlin a p\u00e9\u010di o z\u00e1honky v l\u00e9t\u011b natolik, \u017ee v chladn\u00e9m obdob\u00ed trp\u00edte a nem\u016f\u017eete se do\u010dkat jara? Ne\u010dekejte ani jednu sez\u00f3nu a nechte si vybudovat zimn\u00ed zahradu od na\u0161\u00ed spole\u010dnosti. Stane se p\u0159\u00edjemn\u00fdm m\u00edstem, kter\u00e9 bude slou\u017eit k Va\u0161\u00ed relaxaci a odpo\u010dinku. V\u00e1\u0161 rodinn\u00fd d\u016fm roz\u0161\u00ed\u0159\u00edte o novu m\u00edstnost, jej\u00ed\u017e prostor si [&hellip;]","datePublished":"2025-08-29","dateModified":"2025-08-29","author":{"@type":"Person","@id":"https:\/\/www.si-sawa.cz\/author\/#Person","name":"si-sawa.cz\n","url":"https:\/\/www.si-sawa.cz\/author\/","identifier":1,"image":{"@type":"ImageObject","@id":"https:\/\/secure.gravatar.com\/avatar\/da76ffe9456a057fb26f92cd8eb3d2effca853864e9ae2a35290bd1e10b1f7d4?s=96&d=mm&r=g","url":"https:\/\/secure.gravatar.com\/avatar\/da76ffe9456a057fb26f92cd8eb3d2effca853864e9ae2a35290bd1e10b1f7d4?s=96&d=mm&r=g","height":96,"width":96}},"publisher":{"@type":"Organization","name":"si-sawa.cz","logo":{"@type":"ImageObject","@id":"\/logo.png","url":"\/logo.png","width":600,"height":60}},"url":"https:\/\/www.si-sawa.cz\/krasne-misto-pro-vas-odpocinek\/","wordCount":159,"articleBody":"Milujete p\u011bstov\u00e1n\u00ed rostlin a p\u00e9\u010di o z\u00e1honky v l\u00e9t\u011b natolik, \u017ee v chladn\u00e9m obdob\u00ed trp\u00edte a nem\u016f\u017eete se do\u010dkat jara? Ne\u010dekejte ani jednu sez\u00f3nu a nechte si vybudovat zimn\u00ed zahradu od na\u0161\u00ed spole\u010dnosti. Stane se p\u0159\u00edjemn\u00fdm m\u00edstem, kter\u00e9 bude slou\u017eit k Va\u0161\u00ed relaxaci a odpo\u010dinku. V\u00e1\u0161 rodinn\u00fd d\u016fm roz\u0161\u00ed\u0159\u00edte o novu m\u00edstnost, jej\u00ed\u017e prostor si zamiluje cel\u00e1 Va\u0161e rodina i pozvan\u00ed host\u00e9. Sklen\u00edk jakou sou\u010d\u00e1st Va\u0161eho domu Zimn\u00ed zahrada je v podstat\u011b modern\u00ed a zateplen\u00fd sklen\u00edk. Proto\u017ee je perfektn\u011b zaizolovan\u00e1, lze v n\u00ed p\u011bstovat rostlinky po cel\u00fd rok. Jej\u00ed velikost si vol\u00edte sami, proto si v n\u00ed budete moci tak\u00e9 posed\u011bt a koupit stylov\u00fd n\u00e1bytek. P\u011bstujte si kr\u00e1sn\u00e9 rostlinky, starejte se o papou\u0161ka, andulky nebo rybi\u010dky ve Va\u0161em vlastn\u00edm exotick\u00e9m prost\u0159ed\u00ed.                                                                                                                                                                                                                                                                                                                                                                                                "},{"@context":"https:\/\/schema.org\/","@type":"BreadcrumbList","itemListElement":[{"@type":"ListItem","position":1,"name":"Kr\u00e1sn\u00e9 m\u00edsto pro V\u00e1\u0161 odpo\u010dinek","item":"https:\/\/www.si-sawa.cz\/krasne-misto-pro-vas-odpocinek\/#breadcrumbitem"}]}]