{"@context":"https:\/\/schema.org\/","@type":"CollectionPage","@id":"https:\/\/www.si-sawa.cz\/bydleni\/#CollectionPage","headline":"Bydlen\u00ed Category","description":"","url":"https:\/\/www.si-sawa.cz\/bydleni\/","hasPart":[{"@type":"Article","@id":"https:\/\/www.si-sawa.cz\/begonie-jako-pokojove-rostliny\/","headline":"Begonie jako pokojov\u00e9 rostliny","url":"https:\/\/www.si-sawa.cz\/begonie-jako-pokojove-rostliny\/","datePublished":"2025-03-04","dateModified":"2023-04-27","mainEntityOfPage":"https:\/\/www.si-sawa.cz\/begonie-jako-pokojove-rostliny\/","author":{"@type":"Person","@id":"https:\/\/www.si-sawa.cz\/author\/#Person","name":"si-sawa.cz\n","url":"https:\/\/www.si-sawa.cz\/author\/","identifier":1,"image":{"@type":"ImageObject","@id":"https:\/\/secure.gravatar.com\/avatar\/da76ffe9456a057fb26f92cd8eb3d2effca853864e9ae2a35290bd1e10b1f7d4?s=96&d=mm&r=g","url":"https:\/\/secure.gravatar.com\/avatar\/da76ffe9456a057fb26f92cd8eb3d2effca853864e9ae2a35290bd1e10b1f7d4?s=96&d=mm&r=g","height":96,"width":96}},"publisher":{"@type":"Organization","name":"si-sawa.cz","logo":{"@type":"ImageObject","@id":"\/logo.png","url":"\/logo.png","width":600,"height":60}},"image":{"@type":"ImageObject","@id":"https:\/\/www.si-sawa.cz\/wp-content\/uploads\/img_a342005_w1739_t1554901270.jpg","url":"https:\/\/www.si-sawa.cz\/wp-content\/uploads\/img_a342005_w1739_t1554901270.jpg","height":0,"width":0},"keywords":null},{"@type":"Article","@id":"https:\/\/www.si-sawa.cz\/skola-bydleni-pro-zacatecniky-co-by-melo-byt-v-kazde-lednicce\/","headline":"\u0160kola bydlen\u00ed pro za\u010d\u00e1te\u010dn\u00edky: co by m\u011blo b\u00fdt v ka\u017ed\u00e9 ledni\u010dce?","url":"https:\/\/www.si-sawa.cz\/skola-bydleni-pro-zacatecniky-co-by-melo-byt-v-kazde-lednicce\/","datePublished":"2025-03-01","dateModified":"2023-04-27","mainEntityOfPage":"https:\/\/www.si-sawa.cz\/skola-bydleni-pro-zacatecniky-co-by-melo-byt-v-kazde-lednicce\/","author":{"@type":"Person","@id":"https:\/\/www.si-sawa.cz\/author\/#Person","name":"si-sawa.cz\n","url":"https:\/\/www.si-sawa.cz\/author\/","identifier":1,"image":{"@type":"ImageObject","@id":"https:\/\/secure.gravatar.com\/avatar\/da76ffe9456a057fb26f92cd8eb3d2effca853864e9ae2a35290bd1e10b1f7d4?s=96&d=mm&r=g","url":"https:\/\/secure.gravatar.com\/avatar\/da76ffe9456a057fb26f92cd8eb3d2effca853864e9ae2a35290bd1e10b1f7d4?s=96&d=mm&r=g","height":96,"width":96}},"publisher":{"@type":"Organization","name":"si-sawa.cz","logo":{"@type":"ImageObject","@id":"\/logo.png","url":"\/logo.png","width":600,"height":60}},"image":{"@type":"ImageObject","@id":"https:\/\/www.si-sawa.cz\/wp-content\/uploads\/img_a294378_w1739_t1506343683.jpg","url":"https:\/\/www.si-sawa.cz\/wp-content\/uploads\/img_a294378_w1739_t1506343683.jpg","height":0,"width":0},"keywords":null},{"@type":"Article","@id":"https:\/\/www.si-sawa.cz\/poklad-ve-starem-kresle\/","headline":"Poklad ve star\u00e9m k\u0159esle","url":"https:\/\/www.si-sawa.cz\/poklad-ve-starem-kresle\/","datePublished":"2023-04-27","dateModified":"2023-04-27","mainEntityOfPage":"https:\/\/www.si-sawa.cz\/poklad-ve-starem-kresle\/","author":{"@type":"Person","@id":"https:\/\/www.si-sawa.cz\/author\/#Person","name":"si-sawa.cz\n","url":"https:\/\/www.si-sawa.cz\/author\/","identifier":1,"image":{"@type":"ImageObject","@id":"https:\/\/secure.gravatar.com\/avatar\/da76ffe9456a057fb26f92cd8eb3d2effca853864e9ae2a35290bd1e10b1f7d4?s=96&d=mm&r=g","url":"https:\/\/secure.gravatar.com\/avatar\/da76ffe9456a057fb26f92cd8eb3d2effca853864e9ae2a35290bd1e10b1f7d4?s=96&d=mm&r=g","height":96,"width":96}},"publisher":{"@type":"Organization","name":"si-sawa.cz","logo":{"@type":"ImageObject","@id":"\/logo.png","url":"\/logo.png","width":600,"height":60}},"image":null,"keywords":null},{"@type":"Article","@id":"https:\/\/www.si-sawa.cz\/rekonstrukce-kuchyne-rady-a-tipy\/","headline":"Rekonstrukce kuchyn\u011b: rady a tipy","url":"https:\/\/www.si-sawa.cz\/rekonstrukce-kuchyne-rady-a-tipy\/","datePublished":"2023-04-27","dateModified":"2023-04-27","mainEntityOfPage":"https:\/\/www.si-sawa.cz\/rekonstrukce-kuchyne-rady-a-tipy\/","author":{"@type":"Person","@id":"https:\/\/www.si-sawa.cz\/author\/#Person","name":"si-sawa.cz\n","url":"https:\/\/www.si-sawa.cz\/author\/","identifier":1,"image":{"@type":"ImageObject","@id":"https:\/\/secure.gravatar.com\/avatar\/da76ffe9456a057fb26f92cd8eb3d2effca853864e9ae2a35290bd1e10b1f7d4?s=96&d=mm&r=g","url":"https:\/\/secure.gravatar.com\/avatar\/da76ffe9456a057fb26f92cd8eb3d2effca853864e9ae2a35290bd1e10b1f7d4?s=96&d=mm&r=g","height":96,"width":96}},"publisher":{"@type":"Organization","name":"si-sawa.cz","logo":{"@type":"ImageObject","@id":"\/logo.png","url":"\/logo.png","width":600,"height":60}},"image":null,"keywords":null},{"@type":"Article","@id":"https:\/\/www.si-sawa.cz\/domecek-pro-zviratko-v-dome\/","headline":"Dome\u010dek pro zv\u00ed\u0159\u00e1tko v dom\u011b","url":"https:\/\/www.si-sawa.cz\/domecek-pro-zviratko-v-dome\/","datePublished":"2023-04-27","dateModified":"2023-04-27","mainEntityOfPage":"https:\/\/www.si-sawa.cz\/domecek-pro-zviratko-v-dome\/","author":{"@type":"Person","@id":"https:\/\/www.si-sawa.cz\/author\/#Person","name":"si-sawa.cz\n","url":"https:\/\/www.si-sawa.cz\/author\/","identifier":1,"image":{"@type":"ImageObject","@id":"https:\/\/secure.gravatar.com\/avatar\/da76ffe9456a057fb26f92cd8eb3d2effca853864e9ae2a35290bd1e10b1f7d4?s=96&d=mm&r=g","url":"https:\/\/secure.gravatar.com\/avatar\/da76ffe9456a057fb26f92cd8eb3d2effca853864e9ae2a35290bd1e10b1f7d4?s=96&d=mm&r=g","height":96,"width":96}},"publisher":{"@type":"Organization","name":"si-sawa.cz","logo":{"@type":"ImageObject","@id":"\/logo.png","url":"\/logo.png","width":600,"height":60}},"image":null,"keywords":null}]}